{"id":139,"date":"2009-08-04T10:53:24","date_gmt":"2009-08-04T09:53:24","guid":{"rendered":"http:\/\/www.pescoluse.info\/?p=139"},"modified":"2009-08-04T10:53:24","modified_gmt":"2009-08-04T09:53:24","slug":"escursione-naturalistica-e-storica-gratuita-domenica-9-agosto","status":"publish","type":"post","link":"https:\/\/www.pescoluse.info\/index.php\/escursione-naturalistica-e-storica-gratuita-domenica-9-agosto-139\/","title":{"rendered":"ESCURSIONE NATURALISTICA E STORICA  GRATUITA DOMENICA 9 AGOSTO"},"content":{"rendered":"<p>ESCURSIONE NATURALISTICA E STORICA\u00a0 GRATUITA DOMENICA 9 AGOSTO\u00a0 NEL FEUDO DI SALVE<br \/>\nNell\u2019 ambito del programma \u201cParchi aperti 2009\u201d patrocinato dall\u2019ATP della provincia di Lecce, il circolo Legambiente sez. di Salve da appuntamento agli appassionati di trekking\u00a0 domenica 9 agosto\u00a0 alle ore 8 in piazza Concordia a Salve per poi dirigersi\u00a0 presso il canale Tariano e Fano, Per prenotazioni ed informazioni contattare Cosimo Lezzi al n\u00b0 3384527102\u00a0 Due dei canaloni pi\u00f9 suggestivi per il loro aspetto geomorfologico, storico, paesaggistico e naturalistico.<br \/>\nLa prima passeggiata si \u00e8 tenuta il 14 giugno, la prossima sar\u00e0 il 13 settembre,<\/p>\n<p>Ricordiamo brevemente gli altri appuntamenti in provincia di Lecce:<\/p>\n<p>SPUNNULATE DI TORRE CASTIGLIONE<br \/>\n2 giugno, 5-12-19 agosto, 6 settembre\u00a0\u00a0\u00a0\u00a0\u00a0\u00a0\u00a0\u00a0\u00a0\u00a0\u00a0\u00a0\u00a0\u00a0\u00a0\u00a0\u00a0\u00a0\u00a0\u00a0\u00a0\u00a0\u00a0\u00a0\u00a0\u00a0\u00a0\u00a0\u00a0\u00a0\u00a0\u00a0\u00a0\u00a0\u00a0\u00a0\u00a0\u00a0\u00a0\u00a0\u00a0\u00a0\u00a0\u00a0\u00a0\u00a0\u00a0\u00a0 (CEA Porto Cesareo &#8211; Mariantonietta Cesari 3384544480)<br \/>\nBOSCO DIDATTICO D\u2019ARNEO<br \/>\n25-30 luglio, 19 agosto, 13 settembre\u00a0\u00a0\u00a0\u00a0\u00a0\u00a0\u00a0\u00a0\u00a0\u00a0\u00a0\u00a0\u00a0\u00a0\u00a0\u00a0\u00a0\u00a0\u00a0\u00a0\u00a0\u00a0\u00a0\u00a0\u00a0\u00a0\u00a0\u00a0\u00a0\u00a0\u00a0\u00a0\u00a0\u00a0\u00a0\u00a0\u00a0\u00a0\u00a0\u00a0\u00a0\u00a0\u00a0\u00a0\u00a0\u00a0\u00a0\u00a0\u00a0\u00a0 (CEA Porto Cesareo &#8211; Mariantonietta Cesari 3384544480)<br \/>\nPALUDE DEL CAPITANO (da aggiungere)<br \/>\n3 maggio\u00a0\u00a0\u00a0\u00a0\u00a0\u00a0\u00a0\u00a0\u00a0\u00a0\u00a0\u00a0\u00a0\u00a0\u00a0\u00a0\u00a0\u00a0\u00a0\u00a0\u00a0\u00a0\u00a0\u00a0\u00a0\u00a0\u00a0\u00a0\u00a0\u00a0\u00a0\u00a0\u00a0\u00a0\u00a0\u00a0\u00a0\u00a0\u00a0\u00a0\u00a0\u00a0\u00a0\u00a0\u00a0\u00a0\u00a0\u00a0\u00a0\u00a0\u00a0\u00a0\u00a0\u00a0\u00a0\u00a0\u00a0\u00a0\u00a0\u00a0\u00a0\u00a0\u00a0\u00a0\u00a0\u00a0\u00a0\u00a0\u00a0\u00a0\u00a0\u00a0\u00a0\u00a0\u00a0\u00a0\u00a0\u00a0\u00a0\u00a0\u00a0\u00a0\u00a0\u00a0\u00a0\u00a0\u00a0\u00a0\u00a0\u00a0\u00a0\u00a0\u00a0\u00a0\u00a0\u00a0\u00a0\u00a0\u00a0\u00a0\u00a0\u00a0\u00a0\u00a0\u00a0\u00a0 (Legambiente Nard\u00f2 &#8211; Mimmo Giannuzzi 3283597929)<br \/>\nPORTO SELVAGGIO<br \/>\n17 maggio, 27 luglio, 27 dicembre\u00a0\u00a0\u00a0\u00a0\u00a0\u00a0\u00a0\u00a0\u00a0\u00a0\u00a0\u00a0\u00a0\u00a0\u00a0\u00a0\u00a0\u00a0\u00a0\u00a0\u00a0\u00a0\u00a0\u00a0\u00a0\u00a0\u00a0\u00a0\u00a0\u00a0\u00a0\u00a0\u00a0\u00a0\u00a0\u00a0\u00a0\u00a0\u00a0\u00a0\u00a0\u00a0\u00a0\u00a0\u00a0\u00a0\u00a0\u00a0\u00a0\u00a0\u00a0\u00a0\u00a0\u00a0\u00a0\u00a0\u00a0\u00a0 (Legambiente Nard\u00f2 &#8211; Mimmo Giannuzzi 3283597929)<br \/>\nPUNTA PIZZO<br \/>\n10 maggio, 31 ottobre\u00a0\u00a0\u00a0\u00a0\u00a0\u00a0\u00a0\u00a0\u00a0\u00a0\u00a0\u00a0\u00a0\u00a0\u00a0\u00a0\u00a0\u00a0\u00a0\u00a0\u00a0\u00a0\u00a0\u00a0\u00a0\u00a0\u00a0\u00a0\u00a0\u00a0\u00a0\u00a0\u00a0\u00a0\u00a0\u00a0\u00a0\u00a0\u00a0\u00a0\u00a0\u00a0\u00a0\u00a0\u00a0\u00a0\u00a0\u00a0\u00a0\u00a0\u00a0\u00a0\u00a0\u00a0\u00a0\u00a0\u00a0\u00a0\u00a0\u00a0\u00a0\u00a0\u00a0\u00a0\u00a0\u00a0\u00a0\u00a0\u00a0\u00a0\u00a0\u00a0\u00a0\u00a0\u00a0\u00a0\u00a0\u00a0\u00a0\u00a0 (Legambiente Gallipoli &#8211; Aurora Quarta 3477837731)<br \/>\nGRAVINE DI UGENTO<br \/>\n5 luglio, 2 agosto, 4 ottobre\u00a0\u00a0\u00a0\u00a0\u00a0\u00a0\u00a0\u00a0\u00a0\u00a0\u00a0\u00a0\u00a0\u00a0\u00a0\u00a0\u00a0\u00a0\u00a0\u00a0\u00a0\u00a0\u00a0\u00a0\u00a0\u00a0\u00a0\u00a0\u00a0\u00a0\u00a0\u00a0\u00a0\u00a0\u00a0\u00a0\u00a0\u00a0\u00a0\u00a0\u00a0\u00a0\u00a0\u00a0\u00a0\u00a0\u00a0\u00a0\u00a0\u00a0\u00a0\u00a0\u00a0\u00a0\u00a0\u00a0\u00a0\u00a0\u00a0\u00a0\u00a0\u00a0\u00a0\u00a0\u00a0\u00a0\u00a0\u00a0\u00a0\u00a0 (Legambiente Puglia &#8211; Maurizio Manna 3479022874)<br \/>\nSERRA DI RUFFANO E BOSCO OCCHIAZZI<br \/>\n9 agosto, 20 settembre, 8 novembre, 6 dicembre\u00a0\u00a0\u00a0\u00a0\u00a0\u00a0\u00a0\u00a0\u00a0\u00a0\u00a0\u00a0\u00a0\u00a0\u00a0\u00a0\u00a0\u00a0\u00a0\u00a0\u00a0\u00a0\u00a0\u00a0\u00a0\u00a0 (Legambiente Cutrofiano- Antonio Spagnolo 3208445805)<\/p>\n<p>CANALE DI VOLITO<br \/>\n6-20 agosto, 6 settembre\u00a0\u00a0\u00a0\u00a0\u00a0\u00a0\u00a0\u00a0\u00a0\u00a0\u00a0\u00a0\u00a0\u00a0\u00a0\u00a0\u00a0\u00a0\u00a0\u00a0\u00a0\u00a0\u00a0\u00a0\u00a0\u00a0\u00a0\u00a0\u00a0\u00a0\u00a0\u00a0\u00a0\u00a0\u00a0\u00a0\u00a0\u00a0\u00a0\u00a0\u00a0\u00a0\u00a0\u00a0\u00a0\u00a0\u00a0\u00a0\u00a0\u00a0\u00a0\u00a0\u00a0\u00a0\u00a0\u00a0\u00a0\u00a0\u00a0\u00a0\u00a0\u00a0\u00a0\u00a0\u00a0\u00a0\u00a0\u00a0\u00a0\u00a0\u00a0\u00a0\u00a0\u00a0 (Archeoclub Pat\u00f9 &#8211; Fabrizio Brigante 3283882648)<br \/>\nGRAVINE DI LEUCA<br \/>\n26 luglio, 16 agosto\u00a0\u00a0\u00a0\u00a0\u00a0\u00a0\u00a0\u00a0\u00a0\u00a0\u00a0\u00a0\u00a0\u00a0\u00a0\u00a0\u00a0\u00a0\u00a0\u00a0\u00a0\u00a0\u00a0\u00a0\u00a0\u00a0\u00a0\u00a0\u00a0\u00a0\u00a0\u00a0\u00a0\u00a0\u00a0\u00a0\u00a0\u00a0\u00a0\u00a0\u00a0\u00a0\u00a0\u00a0\u00a0\u00a0\u00a0\u00a0\u00a0\u00a0\u00a0\u00a0\u00a0\u00a0\u00a0\u00a0\u00a0\u00a0\u00a0\u00a0\u00a0\u00a0\u00a0\u00a0\u00a0\u00a0\u00a0\u00a0\u00a0\u00a0\u00a0\u00a0\u00a0\u00a0\u00a0\u00a0\u00a0\u00a0\u00a0\u00a0\u00a0\u00a0\u00a0\u00a0\u00a0\u00a0 (Legambiente Capo di Leuca &#8211; Sergio Cardelli 3474429799\/Giuseppe Negro 3473124317)<\/p>\n<p>LAGHI ALIMINI<br \/>\n19 aprile, 4 ottobre\u00a0\u00a0\u00a0\u00a0\u00a0\u00a0\u00a0\u00a0\u00a0\u00a0\u00a0\u00a0\u00a0\u00a0\u00a0\u00a0\u00a0\u00a0\u00a0\u00a0\u00a0\u00a0\u00a0\u00a0\u00a0\u00a0\u00a0\u00a0\u00a0\u00a0\u00a0\u00a0\u00a0\u00a0\u00a0\u00a0\u00a0\u00a0\u00a0\u00a0\u00a0\u00a0\u00a0\u00a0\u00a0\u00a0\u00a0\u00a0\u00a0\u00a0\u00a0\u00a0\u00a0\u00a0\u00a0\u00a0\u00a0\u00a0\u00a0\u00a0\u00a0\u00a0\u00a0\u00a0\u00a0\u00a0\u00a0\u00a0\u00a0\u00a0\u00a0\u00a0\u00a0\u00a0\u00a0\u00a0\u00a0\u00a0\u00a0\u00a0\u00a0\u00a0\u00a0\u00a0\u00a0\u00a0 (Emys Noprofit &#8211; Grazia Giovannetti 3281863843)<br \/>\nALIMINI IN BICI<br \/>\n2 giugno, 8 novembre, 6 dicembre\u00a0\u00a0\u00a0\u00a0\u00a0\u00a0\u00a0\u00a0\u00a0\u00a0\u00a0\u00a0\u00a0\u00a0\u00a0\u00a0\u00a0\u00a0\u00a0\u00a0\u00a0\u00a0\u00a0\u00a0\u00a0\u00a0\u00a0\u00a0\u00a0\u00a0\u00a0\u00a0\u00a0\u00a0\u00a0\u00a0\u00a0\u00a0\u00a0\u00a0\u00a0\u00a0\u00a0\u00a0\u00a0\u00a0\u00a0\u00a0\u00a0\u00a0\u00a0\u00a0\u00a0\u00a0\u00a0 (Emys Noprofit &#8211; Grazia Giovannetti 3281863843)<\/p>\n<p>PUNTA PIZZO IN BICI<br \/>\n(Aurora Quarta)<br \/>\nCon visuta alla Chiesa di S. Pietro dei Samari . Patenza dall&#8217;area parcheggio della satazione ferroviaria di Gallipoli con biciclette del Circolo<\/p>\n","protected":false},"excerpt":{"rendered":"<p>ESCURSIONE NATURALISTICA E STORICA\u00a0 GRATUITA DOMENICA 9 AGOSTO\u00a0 NEL FEUDO DI SALVE Nell\u2019 ambito del programma \u201cParchi aperti 2009\u201d patrocinato dall\u2019ATP della provincia di Lecce, il circolo Legambiente sez. di Salve da appuntamento agli appassionati di trekking\u00a0 domenica 9 agosto\u00a0 alle ore 8 in piazza Concordia a Salve per poi dirigersi\u00a0 presso il canale Tariano e Fano, Per prenotazioni ed informazioni contattare Cosimo Lezzi al n\u00b0 3384527102\u00a0 Due dei canaloni pi\u00f9 suggestivi per il loro aspetto geomorfologico, storico, paesaggistico e naturalistico. La prima passeggiata si \u00e8 tenuta il 14 giugno, la prossima sar\u00e0 il 13 settembre, Ricordiamo brevemente gli altri <\/p>\n","protected":false},"author":7,"featured_media":0,"comment_status":"open","ping_status":"closed","sticky":false,"template":"","format":"standard","meta":{"_sitemap_exclude":false,"_sitemap_priority":"","_sitemap_frequency":"","ngg_post_thumbnail":0,"footnotes":""},"categories":[3,4],"tags":[86,112,87],"class_list":["post-139","post","type-post","status-publish","format-standard","hentry","category-pescoluse","category-salve","tag-escursioni-salento","tag-salve","tag-trekking-salento"],"yoast_head":"<!-- This site is optimized with the Yoast SEO plugin v26.2 - https:\/\/yoast.com\/wordpress\/plugins\/seo\/ -->\n<title>ESCURSIONE NATURALISTICA E STORICA GRATUITA DOMENICA 9 AGOSTO<\/title>\n<meta name=\"description\" content=\"Nell\u2019 ambito del programma \u201cParchi aperti 2009\u201d patrocinato dall\u2019ATP della provincia di Lecce, il circolo Legambiente sez. di Salve da appuntamento agli appassionati di trekking.\" \/>\n<meta name=\"robots\" content=\"index, follow, max-snippet:-1, max-image-preview:large, max-video-preview:-1\" \/>\n<link rel=\"canonical\" href=\"https:\/\/www.pescoluse.info\/index.php\/escursione-naturalistica-e-storica-gratuita-domenica-9-agosto-139\/\" \/>\n<meta property=\"og:locale\" content=\"it_IT\" \/>\n<meta property=\"og:type\" content=\"article\" \/>\n<meta property=\"og:title\" content=\"ESCURSIONE NATURALISTICA E STORICA GRATUITA DOMENICA 9 AGOSTO\" \/>\n<meta property=\"og:description\" content=\"Nell\u2019 ambito del programma \u201cParchi aperti 2009\u201d patrocinato dall\u2019ATP della provincia di Lecce, il circolo Legambiente sez. di Salve da appuntamento agli appassionati di trekking.\" \/>\n<meta property=\"og:url\" content=\"https:\/\/www.pescoluse.info\/index.php\/escursione-naturalistica-e-storica-gratuita-domenica-9-agosto-139\/\" \/>\n<meta property=\"og:site_name\" content=\"Pescoluse nel Salento Marina di Salve\" \/>\n<meta property=\"article:publisher\" content=\"https:\/\/www.facebook.com\/Pescoluseinfo-Spiaggia-del-Salento-252097411467116\/\" \/>\n<meta property=\"article:published_time\" content=\"2009-08-04T09:53:24+00:00\" \/>\n<meta name=\"author\" content=\"Pantaleo\" \/>\n<meta name=\"twitter:card\" content=\"summary_large_image\" \/>\n<meta name=\"twitter:label1\" content=\"Scritto da\" \/>\n\t<meta name=\"twitter:data1\" content=\"Pantaleo\" \/>\n\t<meta name=\"twitter:label2\" content=\"Tempo di lettura stimato\" \/>\n\t<meta name=\"twitter:data2\" content=\"1 minuto\" \/>\n<script type=\"application\/ld+json\" class=\"yoast-schema-graph\">{\"@context\":\"https:\/\/schema.org\",\"@graph\":[{\"@type\":\"WebPage\",\"@id\":\"https:\/\/www.pescoluse.info\/index.php\/escursione-naturalistica-e-storica-gratuita-domenica-9-agosto-139\/\",\"url\":\"https:\/\/www.pescoluse.info\/index.php\/escursione-naturalistica-e-storica-gratuita-domenica-9-agosto-139\/\",\"name\":\"ESCURSIONE NATURALISTICA E STORICA GRATUITA DOMENICA 9 AGOSTO\",\"isPartOf\":{\"@id\":\"https:\/\/www.pescoluse.info\/#website\"},\"datePublished\":\"2009-08-04T09:53:24+00:00\",\"author\":{\"@id\":\"https:\/\/www.pescoluse.info\/#\/schema\/person\/270f5d6d73334a7d49e4e588a9a31113\"},\"description\":\"Nell\u2019 ambito del programma \u201cParchi aperti 2009\u201d patrocinato dall\u2019ATP della provincia di Lecce, il circolo Legambiente sez. di Salve da appuntamento agli appassionati di trekking.\",\"breadcrumb\":{\"@id\":\"https:\/\/www.pescoluse.info\/index.php\/escursione-naturalistica-e-storica-gratuita-domenica-9-agosto-139\/#breadcrumb\"},\"inLanguage\":\"it-IT\",\"potentialAction\":[{\"@type\":\"ReadAction\",\"target\":[\"https:\/\/www.pescoluse.info\/index.php\/escursione-naturalistica-e-storica-gratuita-domenica-9-agosto-139\/\"]}]},{\"@type\":\"BreadcrumbList\",\"@id\":\"https:\/\/www.pescoluse.info\/index.php\/escursione-naturalistica-e-storica-gratuita-domenica-9-agosto-139\/#breadcrumb\",\"itemListElement\":[{\"@type\":\"ListItem\",\"position\":1,\"name\":\"Home\",\"item\":\"https:\/\/www.pescoluse.info\/\"},{\"@type\":\"ListItem\",\"position\":2,\"name\":\"ESCURSIONE NATURALISTICA E STORICA GRATUITA DOMENICA 9 AGOSTO\"}]},{\"@type\":\"WebSite\",\"@id\":\"https:\/\/www.pescoluse.info\/#website\",\"url\":\"https:\/\/www.pescoluse.info\/\",\"name\":\"Pescoluse nel Salento Marina di Salve\",\"description\":\"Per le tue vacanze al mare scegli Pescoluse e la sua Spiaggia\",\"potentialAction\":[{\"@type\":\"SearchAction\",\"target\":{\"@type\":\"EntryPoint\",\"urlTemplate\":\"https:\/\/www.pescoluse.info\/?s={search_term_string}\"},\"query-input\":{\"@type\":\"PropertyValueSpecification\",\"valueRequired\":true,\"valueName\":\"search_term_string\"}}],\"inLanguage\":\"it-IT\"},{\"@type\":\"Person\",\"@id\":\"https:\/\/www.pescoluse.info\/#\/schema\/person\/270f5d6d73334a7d49e4e588a9a31113\",\"name\":\"Pantaleo\",\"sameAs\":[\"http:\/\/\"],\"url\":\"https:\/\/www.pescoluse.info\/index.php\/author\/admin\/\"}]}<\/script>\n<!-- \/ Yoast SEO plugin. -->","yoast_head_json":{"title":"ESCURSIONE NATURALISTICA E STORICA GRATUITA DOMENICA 9 AGOSTO","description":"Nell\u2019 ambito del programma \u201cParchi aperti 2009\u201d patrocinato dall\u2019ATP della provincia di Lecce, il circolo Legambiente sez. di Salve da appuntamento agli appassionati di trekking.","robots":{"index":"index","follow":"follow","max-snippet":"max-snippet:-1","max-image-preview":"max-image-preview:large","max-video-preview":"max-video-preview:-1"},"canonical":"https:\/\/www.pescoluse.info\/index.php\/escursione-naturalistica-e-storica-gratuita-domenica-9-agosto-139\/","og_locale":"it_IT","og_type":"article","og_title":"ESCURSIONE NATURALISTICA E STORICA GRATUITA DOMENICA 9 AGOSTO","og_description":"Nell\u2019 ambito del programma \u201cParchi aperti 2009\u201d patrocinato dall\u2019ATP della provincia di Lecce, il circolo Legambiente sez. di Salve da appuntamento agli appassionati di trekking.","og_url":"https:\/\/www.pescoluse.info\/index.php\/escursione-naturalistica-e-storica-gratuita-domenica-9-agosto-139\/","og_site_name":"Pescoluse nel Salento Marina di Salve","article_publisher":"https:\/\/www.facebook.com\/Pescoluseinfo-Spiaggia-del-Salento-252097411467116\/","article_published_time":"2009-08-04T09:53:24+00:00","author":"Pantaleo","twitter_card":"summary_large_image","twitter_misc":{"Scritto da":"Pantaleo","Tempo di lettura stimato":"1 minuto"},"schema":{"@context":"https:\/\/schema.org","@graph":[{"@type":"WebPage","@id":"https:\/\/www.pescoluse.info\/index.php\/escursione-naturalistica-e-storica-gratuita-domenica-9-agosto-139\/","url":"https:\/\/www.pescoluse.info\/index.php\/escursione-naturalistica-e-storica-gratuita-domenica-9-agosto-139\/","name":"ESCURSIONE NATURALISTICA E STORICA GRATUITA DOMENICA 9 AGOSTO","isPartOf":{"@id":"https:\/\/www.pescoluse.info\/#website"},"datePublished":"2009-08-04T09:53:24+00:00","author":{"@id":"https:\/\/www.pescoluse.info\/#\/schema\/person\/270f5d6d73334a7d49e4e588a9a31113"},"description":"Nell\u2019 ambito del programma \u201cParchi aperti 2009\u201d patrocinato dall\u2019ATP della provincia di Lecce, il circolo Legambiente sez. di Salve da appuntamento agli appassionati di trekking.","breadcrumb":{"@id":"https:\/\/www.pescoluse.info\/index.php\/escursione-naturalistica-e-storica-gratuita-domenica-9-agosto-139\/#breadcrumb"},"inLanguage":"it-IT","potentialAction":[{"@type":"ReadAction","target":["https:\/\/www.pescoluse.info\/index.php\/escursione-naturalistica-e-storica-gratuita-domenica-9-agosto-139\/"]}]},{"@type":"BreadcrumbList","@id":"https:\/\/www.pescoluse.info\/index.php\/escursione-naturalistica-e-storica-gratuita-domenica-9-agosto-139\/#breadcrumb","itemListElement":[{"@type":"ListItem","position":1,"name":"Home","item":"https:\/\/www.pescoluse.info\/"},{"@type":"ListItem","position":2,"name":"ESCURSIONE NATURALISTICA E STORICA GRATUITA DOMENICA 9 AGOSTO"}]},{"@type":"WebSite","@id":"https:\/\/www.pescoluse.info\/#website","url":"https:\/\/www.pescoluse.info\/","name":"Pescoluse nel Salento Marina di Salve","description":"Per le tue vacanze al mare scegli Pescoluse e la sua Spiaggia","potentialAction":[{"@type":"SearchAction","target":{"@type":"EntryPoint","urlTemplate":"https:\/\/www.pescoluse.info\/?s={search_term_string}"},"query-input":{"@type":"PropertyValueSpecification","valueRequired":true,"valueName":"search_term_string"}}],"inLanguage":"it-IT"},{"@type":"Person","@id":"https:\/\/www.pescoluse.info\/#\/schema\/person\/270f5d6d73334a7d49e4e588a9a31113","name":"Pantaleo","sameAs":["http:\/\/"],"url":"https:\/\/www.pescoluse.info\/index.php\/author\/admin\/"}]}},"_links":{"self":[{"href":"https:\/\/www.pescoluse.info\/index.php\/wp-json\/wp\/v2\/posts\/139","targetHints":{"allow":["GET"]}}],"collection":[{"href":"https:\/\/www.pescoluse.info\/index.php\/wp-json\/wp\/v2\/posts"}],"about":[{"href":"https:\/\/www.pescoluse.info\/index.php\/wp-json\/wp\/v2\/types\/post"}],"author":[{"embeddable":true,"href":"https:\/\/www.pescoluse.info\/index.php\/wp-json\/wp\/v2\/users\/7"}],"replies":[{"embeddable":true,"href":"https:\/\/www.pescoluse.info\/index.php\/wp-json\/wp\/v2\/comments?post=139"}],"version-history":[{"count":0,"href":"https:\/\/www.pescoluse.info\/index.php\/wp-json\/wp\/v2\/posts\/139\/revisions"}],"wp:attachment":[{"href":"https:\/\/www.pescoluse.info\/index.php\/wp-json\/wp\/v2\/media?parent=139"}],"wp:term":[{"taxonomy":"category","embeddable":true,"href":"https:\/\/www.pescoluse.info\/index.php\/wp-json\/wp\/v2\/categories?post=139"},{"taxonomy":"post_tag","embeddable":true,"href":"https:\/\/www.pescoluse.info\/index.php\/wp-json\/wp\/v2\/tags?post=139"}],"curies":[{"name":"wp","href":"https:\/\/api.w.org\/{rel}","templated":true}]}}